{"id":614,"date":"2021-02-25T20:30:51","date_gmt":"2021-02-25T19:30:51","guid":{"rendered":"http:\/\/www.cerpeg.fr\/bcpmcv\/?p=614"},"modified":"2021-02-25T20:30:51","modified_gmt":"2021-02-25T19:30:51","slug":"2-2-gerer-des-prestations-internes-et-externes","status":"publish","type":"post","link":"https:\/\/www.cerpeg.fr\/bcpaccueil\/2-2-gerer-des-prestations-internes-et-externes\/","title":{"rendered":"2.2 G\u00e9rer des prestations internes et externes"},"content":{"rendered":"\n<div style=\"height:56px\" aria-hidden=\"true\" class=\"wp-block-spacer\"><\/div>\n\n\n\n<h3 class=\"has-white-color has-pale-cyan-blue-background-color has-text-color has-background wp-block-heading\">Comp\u00e9tences <\/h3>\n\n\n\n<ul><li>Identifier les prestations inh\u00e9rentes aux activit\u00e9s d\u2019accueil<\/li><li>Formaliser une demande et\/ou une offre de prestations<\/li><li>Assurer le suivi d\u2019une prestation<\/li><li>Mesurer la qualit\u00e9 des prestations et proposer d\u2019\u00e9ventuelles am\u00e9liorations<\/li><\/ul>\n\n\n\n<div style=\"height:56px\" aria-hidden=\"true\" class=\"wp-block-spacer\"><\/div>\n\n\n\n<h3 class=\"has-white-color has-pale-cyan-blue-background-color has-text-color has-background wp-block-heading\">Savoirs associ\u00e9s<\/h3>\n\n\n\n<ul><li>Les prestations internes<\/li><li>Les prestations externes<\/li><\/ul>\n\n\n\n<div style=\"height:36px\" aria-hidden=\"true\" class=\"wp-block-spacer\"><\/div>\n\n\n\n<h3 class=\"has-white-color has-pale-cyan-blue-background-color has-text-color has-background wp-block-heading\">Crit\u00e8res d\u2019\u00e9valuation<\/h3>\n\n\n\n<ul><li>Les besoins en prestations sont identifi\u00e9s et la r\u00e9ponse est adapt\u00e9e<\/li><li>La qualit\u00e9 de la prestation est \u00e9valu\u00e9e et fait l\u2019objet, le cas \u00e9ch\u00e9ant, de mesures correctives<\/li><\/ul>\n\n\n\n<p><\/p>\n","protected":false},"excerpt":{"rendered":"<p>Comp\u00e9tences Identifier les prestations inh\u00e9rentes aux activit\u00e9s d\u2019accueil Formaliser une demande et\/ou une offre de prestations Assurer le suivi d\u2019une prestation Mesurer la qualit\u00e9 des prestations et proposer d\u2019\u00e9ventuelles am\u00e9liorations Savoirs associ\u00e9s Les prestations internes Les prestations externes Crit\u00e8res d\u2019\u00e9valuation Les besoins en prestations sont identifi\u00e9s et la r\u00e9ponse est adapt\u00e9e La qualit\u00e9 de la [&hellip;]<\/p>\n","protected":false},"author":1,"featured_media":0,"comment_status":"closed","ping_status":"closed","sticky":false,"template":"","format":"standard","meta":{"footnotes":""},"categories":[3,1],"tags":[],"_links":{"self":[{"href":"https:\/\/www.cerpeg.fr\/bcpaccueil\/wp-json\/wp\/v2\/posts\/614"}],"collection":[{"href":"https:\/\/www.cerpeg.fr\/bcpaccueil\/wp-json\/wp\/v2\/posts"}],"about":[{"href":"https:\/\/www.cerpeg.fr\/bcpaccueil\/wp-json\/wp\/v2\/types\/post"}],"author":[{"embeddable":true,"href":"https:\/\/www.cerpeg.fr\/bcpaccueil\/wp-json\/wp\/v2\/users\/1"}],"replies":[{"embeddable":true,"href":"https:\/\/www.cerpeg.fr\/bcpaccueil\/wp-json\/wp\/v2\/comments?post=614"}],"version-history":[{"count":0,"href":"https:\/\/www.cerpeg.fr\/bcpaccueil\/wp-json\/wp\/v2\/posts\/614\/revisions"}],"wp:attachment":[{"href":"https:\/\/www.cerpeg.fr\/bcpaccueil\/wp-json\/wp\/v2\/media?parent=614"}],"wp:term":[{"taxonomy":"category","embeddable":true,"href":"https:\/\/www.cerpeg.fr\/bcpaccueil\/wp-json\/wp\/v2\/categories?post=614"},{"taxonomy":"post_tag","embeddable":true,"href":"https:\/\/www.cerpeg.fr\/bcpaccueil\/wp-json\/wp\/v2\/tags?post=614"}],"curies":[{"name":"wp","href":"https:\/\/api.w.org\/{rel}","templated":true}]}}