{"id":619,"date":"2021-02-25T20:33:16","date_gmt":"2021-02-25T19:33:16","guid":{"rendered":"http:\/\/www.cerpeg.fr\/bcpmcv\/?p=619"},"modified":"2021-02-25T20:33:16","modified_gmt":"2021-02-25T19:33:16","slug":"2-1-gerer-linformation","status":"publish","type":"post","link":"https:\/\/www.cerpeg.fr\/bcpaccueil\/2-1-gerer-linformation\/","title":{"rendered":"2.1 G\u00e9rer l\u2019information"},"content":{"rendered":"\n<div style=\"height:56px\" aria-hidden=\"true\" class=\"wp-block-spacer\"><\/div>\n\n\n\n<h3 class=\"has-white-color has-pale-cyan-blue-background-color has-text-color has-background wp-block-heading\">Comp\u00e9tences <\/h3>\n\n\n\n<ul><li>Rep\u00e9rer les sources d\u2019information<\/li><li>Contr\u00f4ler l\u2019information<\/li><li>Actualiser une base de donn\u00e9es<\/li><li>S\u00e9lectionner l\u2019information utile au service<\/li><li>Mutualiser l\u2019information n\u00e9cessaire \u00e0 la continuit\u00e9 du service<\/li><li>Rendre compte de l\u2019activit\u00e9<\/li><\/ul>\n\n\n\n<div style=\"height:56px\" aria-hidden=\"true\" class=\"wp-block-spacer\"><\/div>\n\n\n\n<h3 class=\"has-white-color has-pale-cyan-blue-background-color has-text-color has-background wp-block-heading\">Savoirs associ\u00e9s<\/h3>\n\n\n\n<p>L\u2019intelligence collective<br>La communication professionnelle orale et \u00e9crite<br>Les m\u00e9thodes et outils de recherche d\u2019information<br>La qualit\u00e9 de l\u2019information<br>Le syst\u00e8me d\u2019information<br>Le traitement, la formalisation et la diffusion de l\u2019information<br>Le compte rendu d\u2019activit\u00e9s<\/p>\n\n\n\n<div style=\"height:36px\" aria-hidden=\"true\" class=\"wp-block-spacer\"><\/div>\n\n\n\n<h3 class=\"has-white-color has-pale-cyan-blue-background-color has-text-color has-background wp-block-heading\">Crit\u00e8res d\u2019\u00e9valuation<\/h3>\n\n\n\n<ul><li>Les informations recueillies sont pertinentes, fiables et utiles \u00e0 l\u2019organisation<\/li><li>Le syst\u00e8me d\u2019information est utilis\u00e9 de mani\u00e8re efficace<\/li><li>Le compte rendu d\u2019activit\u00e9s permet la continuit\u00e9 du service et le suivi de l\u2019activit\u00e9<\/li><\/ul>\n\n\n\n<p><\/p>\n","protected":false},"excerpt":{"rendered":"<p>Comp\u00e9tences Rep\u00e9rer les sources d\u2019information Contr\u00f4ler l\u2019information Actualiser une base de donn\u00e9es S\u00e9lectionner l\u2019information utile au service Mutualiser l\u2019information n\u00e9cessaire \u00e0 la continuit\u00e9 du service Rendre compte de l\u2019activit\u00e9 Savoirs associ\u00e9s L\u2019intelligence collectiveLa communication professionnelle orale et \u00e9criteLes m\u00e9thodes et outils de recherche d\u2019informationLa qualit\u00e9 de l\u2019informationLe syst\u00e8me d\u2019informationLe traitement, la formalisation et la diffusion [&hellip;]<\/p>\n","protected":false},"author":1,"featured_media":0,"comment_status":"closed","ping_status":"closed","sticky":false,"template":"","format":"standard","meta":{"footnotes":""},"categories":[3,1],"tags":[],"_links":{"self":[{"href":"https:\/\/www.cerpeg.fr\/bcpaccueil\/wp-json\/wp\/v2\/posts\/619"}],"collection":[{"href":"https:\/\/www.cerpeg.fr\/bcpaccueil\/wp-json\/wp\/v2\/posts"}],"about":[{"href":"https:\/\/www.cerpeg.fr\/bcpaccueil\/wp-json\/wp\/v2\/types\/post"}],"author":[{"embeddable":true,"href":"https:\/\/www.cerpeg.fr\/bcpaccueil\/wp-json\/wp\/v2\/users\/1"}],"replies":[{"embeddable":true,"href":"https:\/\/www.cerpeg.fr\/bcpaccueil\/wp-json\/wp\/v2\/comments?post=619"}],"version-history":[{"count":0,"href":"https:\/\/www.cerpeg.fr\/bcpaccueil\/wp-json\/wp\/v2\/posts\/619\/revisions"}],"wp:attachment":[{"href":"https:\/\/www.cerpeg.fr\/bcpaccueil\/wp-json\/wp\/v2\/media?parent=619"}],"wp:term":[{"taxonomy":"category","embeddable":true,"href":"https:\/\/www.cerpeg.fr\/bcpaccueil\/wp-json\/wp\/v2\/categories?post=619"},{"taxonomy":"post_tag","embeddable":true,"href":"https:\/\/www.cerpeg.fr\/bcpaccueil\/wp-json\/wp\/v2\/tags?post=619"}],"curies":[{"name":"wp","href":"https:\/\/api.w.org\/{rel}","templated":true}]}}