{"id":799,"date":"2021-02-25T13:30:45","date_gmt":"2021-02-25T12:30:45","guid":{"rendered":"http:\/\/www.cerpeg.fr\/bcpmcv\/?p=695"},"modified":"2021-02-25T13:30:45","modified_gmt":"2021-02-25T12:30:45","slug":"savoirs-limites-des-savoirs-2","status":"publish","type":"post","link":"https:\/\/www.cerpeg.fr\/bcpaccueil\/savoirs-limites-des-savoirs-2\/","title":{"rendered":"Savoirs &#038; limites des savoirs"},"content":{"rendered":"\n<h3 class=\"has-white-color has-pale-cyan-blue-background-color has-text-color has-background wp-block-heading\">G\u00e9rer l\u2019information et des prestations \u00e0 des fins organisationnelles<\/h3>\n\n\n\n<figure class=\"wp-block-table is-style-regular\"><table><thead><tr><th class=\"has-text-align-left\" data-align=\"left\"><strong>Savoirs associ\u00e9s<\/strong><\/th><th class=\"has-text-align-left\" data-align=\"left\"><strong>Limites des savoirs<\/strong><\/th><\/tr><\/thead><tbody><tr><td class=\"has-text-align-left\" data-align=\"left\"> L\u2019intelligence collective La communication<br>professionnelle orale et \u00e9crite<\/td><td class=\"has-text-align-left\" data-align=\"left\">Les enjeux, principes et outils de l\u2019intelligence collective<br>Les codes et les usages de la communication orale et \u00e9crite dans l\u2019organisation<br>La communication formelle et informelle<\/td><\/tr><tr><td class=\"has-text-align-left\" data-align=\"left\">Les m\u00e9thodes et outils de recherche d\u2019information<\/td><td class=\"has-text-align-left\" data-align=\"left\">Les sources d\u2019information interne et externe et leurs caract\u00e9ristiques<br>Les moteurs de recherche, annuaire, intranet, extranet, internet, portail<\/td><\/tr><tr><td class=\"has-text-align-left\" data-align=\"left\">La qualit\u00e9 de l\u2019information<\/td><td class=\"has-text-align-left\" data-align=\"left\">Les crit\u00e8res de qualit\u00e9 de l\u2019information<\/td><\/tr><tr><td class=\"has-text-align-left\" data-align=\"left\">Le syst\u00e8me d\u2019information<\/td><td class=\"has-text-align-left\" data-align=\"left\">Le r\u00f4le d\u2019un syst\u00e8me d\u2019information : aide \u00e0 la communication, \u00e0 la gestion de l\u2019information (acc\u00e8s, stockage, s\u00e9curisation, circulation), \u00e0 la d\u00e9cision<\/td><\/tr><tr><td class=\"has-text-align-left\" data-align=\"left\">Le traitement, la formalisation et la diffusion de l\u2019information<\/td><td class=\"has-text-align-left\" data-align=\"left\">Les espaces num\u00e9riques de travail et de stockage, les plateformes collaboratives et contributives<\/td><\/tr><tr><td class=\"has-text-align-left\" data-align=\"left\">Le compte rendu d\u2019activit\u00e9s<\/td><td class=\"has-text-align-left\" data-align=\"left\">Le compte rendu oral<br>Le compte rendu \u00e9crit \u00e0 l\u2019aide de supports types<\/td><\/tr><tr><td class=\"has-text-align-left\" data-align=\"left\">Les prestations internes<\/td><td class=\"has-text-align-left\" data-align=\"left\">Les r\u00e9seaux de prestataires internes et externes<\/td><\/tr><tr><td class=\"has-text-align-left\" data-align=\"left\">Les prestations externes<\/td><td class=\"has-text-align-left\" data-align=\"left\">La gestion du courrier, des colis, des agendas, des plannings<br>La gestion de la r\u00e9servation de salles, de mat\u00e9riels<br>Les services aux visiteurs et aux membres de l\u2019organisation<br>Le processus \u00ab achat \u00bb : \u00e9tapes, documents commerciaux associ\u00e9s, documents-type internes<br>Les outils de mesure de la qualit\u00e9 d\u2019une prestation : enqu\u00eates, veille sur les m\u00e9dias sociaux, forums, blogs\u2026<\/td><\/tr><tr><td class=\"has-text-align-left\" data-align=\"left\">La d\u00e9marche de projet<\/td><td class=\"has-text-align-left\" data-align=\"left\">Les enjeux du projet : image de l\u2019organisation, enjeux humains, mat\u00e9riels et financiers<br>Les types de projet : l\u2019\u00e9v\u00e9nementiel, la d\u00e9marche qualit\u00e9 li\u00e9e \u00e0 l\u2019accueil, l\u2019organisation de l\u2019espace d\u2019accueil, l\u2019am\u00e9lioration de l\u2019accueil<br>Le projet : cahier des charges, \u00e9tapes, acteurs, budget<br>L\u2019organisation du projet : \u00e9ch\u00e9ancier, agenda, tableau de r\u00e9partition des t\u00e2ches, liste de contr\u00f4le, formalit\u00e9s administratives<br>Les outils de suivi et de gestion de projet : logiciels\/applications de gestion de projet, tableau de bord, rapport d\u2019\u00e9tape, relev\u00e9 de conclusions, de r\u00e9union, le bilan de fin de projet<br>Les communications inh\u00e9rentes au projet<br>Le travail collaboratif : donn\u00e9es partag\u00e9es, agendas partag\u00e9s, web-conf\u00e9rence, plateforme collaborative<br>Les outils d\u2019\u00e9change : courriel, t\u00e9l\u00e9phone, lettre, visio, m\u00e9dias sociaux<\/td><\/tr><\/tbody><\/table><\/figure>\n","protected":false},"excerpt":{"rendered":"<p>G\u00e9rer l\u2019information et des prestations \u00e0 des fins organisationnelles Savoirs associ\u00e9s Limites des savoirs L\u2019intelligence collective La communicationprofessionnelle orale et \u00e9crite Les enjeux, principes et outils de l\u2019intelligence collectiveLes codes et les usages de la communication orale et \u00e9crite dans l\u2019organisationLa communication formelle et informelle Les m\u00e9thodes et outils de recherche d\u2019information Les sources d\u2019information [&hellip;]<\/p>\n","protected":false},"author":1,"featured_media":0,"comment_status":"closed","ping_status":"closed","sticky":false,"template":"","format":"standard","meta":{"footnotes":""},"categories":[3],"tags":[],"_links":{"self":[{"href":"https:\/\/www.cerpeg.fr\/bcpaccueil\/wp-json\/wp\/v2\/posts\/799"}],"collection":[{"href":"https:\/\/www.cerpeg.fr\/bcpaccueil\/wp-json\/wp\/v2\/posts"}],"about":[{"href":"https:\/\/www.cerpeg.fr\/bcpaccueil\/wp-json\/wp\/v2\/types\/post"}],"author":[{"embeddable":true,"href":"https:\/\/www.cerpeg.fr\/bcpaccueil\/wp-json\/wp\/v2\/users\/1"}],"replies":[{"embeddable":true,"href":"https:\/\/www.cerpeg.fr\/bcpaccueil\/wp-json\/wp\/v2\/comments?post=799"}],"version-history":[{"count":0,"href":"https:\/\/www.cerpeg.fr\/bcpaccueil\/wp-json\/wp\/v2\/posts\/799\/revisions"}],"wp:attachment":[{"href":"https:\/\/www.cerpeg.fr\/bcpaccueil\/wp-json\/wp\/v2\/media?parent=799"}],"wp:term":[{"taxonomy":"category","embeddable":true,"href":"https:\/\/www.cerpeg.fr\/bcpaccueil\/wp-json\/wp\/v2\/categories?post=799"},{"taxonomy":"post_tag","embeddable":true,"href":"https:\/\/www.cerpeg.fr\/bcpaccueil\/wp-json\/wp\/v2\/tags?post=799"}],"curies":[{"name":"wp","href":"https:\/\/api.w.org\/{rel}","templated":true}]}}