{"id":614,"date":"2021-02-25T20:30:51","date_gmt":"2021-02-25T19:30:51","guid":{"rendered":"http:\/\/www.cerpeg.fr\/bcpmcv\/?p=614"},"modified":"2021-02-25T20:32:01","modified_gmt":"2021-02-25T19:32:01","slug":"2-2-mettre-en-oeuvre-le-ou-les-services-associes","status":"publish","type":"post","link":"https:\/\/www.cerpeg.fr\/bcpmcv\/2-2-mettre-en-oeuvre-le-ou-les-services-associes\/","title":{"rendered":"2.2 Mettre en \u0153uvre le ou les services associ\u00e9s"},"content":{"rendered":"\n<div style=\"height:56px\" aria-hidden=\"true\" class=\"wp-block-spacer\"><\/div>\n\n\n\n<h3 class=\"has-white-color has-pale-cyan-blue-background-color has-text-color has-background wp-block-heading\">Comp\u00e9tences <\/h3>\n\n\n\n<ul><li>S\u00e9lectionner le cas \u00e9ch\u00e9ant le prestataire le plus adapt\u00e9<\/li><li>Collecter et transmettre les informations au service de l\u2019entreprise ou aux prestataires concern\u00e9s<\/li><li>Suivre l\u2019ex\u00e9cution du ou des service(s) associ\u00e9(s) et en rendre compte<\/li><li>Effectuer le cas \u00e9ch\u00e9ant les relances<\/li><\/ul>\n\n\n\n<div style=\"height:56px\" aria-hidden=\"true\" class=\"wp-block-spacer\"><\/div>\n\n\n\n<h3 class=\"has-white-color has-pale-cyan-blue-background-color has-text-color has-background wp-block-heading\">Comportements professionnels<\/h3>\n\n\n\n<ul><li>\u00catre r\u00e9actif<\/li><li>Proc\u00e9der avec organisation, logique et m\u00e9thode<\/li><li>Manifester un esprit d\u2019\u00e9quipe<\/li><li>Pratiquer l\u2019\u00e9coute active et faire preuve d\u2019empathie<\/li><\/ul>\n\n\n\n<div style=\"height:56px\" aria-hidden=\"true\" class=\"wp-block-spacer\"><\/div>\n\n\n\n<h3 class=\"has-white-color has-pale-cyan-blue-background-color has-text-color has-background wp-block-heading\">Savoirs associ\u00e9s<\/h3>\n\n\n\n<ul><li>Les documents relatifs aux modalit\u00e9s de financement<\/li><li>Les modalit\u00e9s et proc\u00e9dures de livraison<\/li><li>La mesure de l\u2019activit\u00e9 des vendeurs<\/li><\/ul>\n\n\n\n<div style=\"height:36px\" aria-hidden=\"true\" class=\"wp-block-spacer\"><\/div>\n\n\n\n<h3 class=\"has-white-color has-pale-cyan-blue-background-color has-text-color has-background wp-block-heading\">R\u00e9sultats attendus<\/h3>\n\n\n\n<ul><li>Le produit et\/ou le service est mis \u00e0 disposition du client dans le respect des d\u00e9lais pr\u00e9vus<\/li><li>Le prestataire le plus adapt\u00e9 est choisi<\/li><li>Les documents li\u00e9s au(x) service(s) associ\u00e9(s) sont renseign\u00e9s de mani\u00e8re ad\u00e9quate<\/li><li>Le (ou les) service(s) sont ex\u00e9cut\u00e9s dans le respect des proc\u00e9dures et suivant les attentes du client<\/li><li>Les relances n\u00e9cessaires sont r\u00e9alis\u00e9es \u00e0 bon escient<\/li><\/ul>\n\n\n\n<p><\/p>\n","protected":false},"excerpt":{"rendered":"<p>Comp\u00e9tences S\u00e9lectionner le cas \u00e9ch\u00e9ant le prestataire le plus adapt\u00e9 Collecter et transmettre les informations au service de l\u2019entreprise ou aux prestataires concern\u00e9s Suivre l\u2019ex\u00e9cution du ou des service(s) associ\u00e9(s) et en rendre compte Effectuer le cas \u00e9ch\u00e9ant les relances Comportements professionnels \u00catre r\u00e9actif Proc\u00e9der avec organisation, logique et m\u00e9thode Manifester un esprit d\u2019\u00e9quipe Pratiquer [&hellip;]<\/p>\n","protected":false},"author":1,"featured_media":0,"comment_status":"closed","ping_status":"closed","sticky":false,"template":"","format":"standard","meta":{"footnotes":""},"categories":[3],"tags":[],"_links":{"self":[{"href":"https:\/\/www.cerpeg.fr\/bcpmcv\/wp-json\/wp\/v2\/posts\/614"}],"collection":[{"href":"https:\/\/www.cerpeg.fr\/bcpmcv\/wp-json\/wp\/v2\/posts"}],"about":[{"href":"https:\/\/www.cerpeg.fr\/bcpmcv\/wp-json\/wp\/v2\/types\/post"}],"author":[{"embeddable":true,"href":"https:\/\/www.cerpeg.fr\/bcpmcv\/wp-json\/wp\/v2\/users\/1"}],"replies":[{"embeddable":true,"href":"https:\/\/www.cerpeg.fr\/bcpmcv\/wp-json\/wp\/v2\/comments?post=614"}],"version-history":[{"count":4,"href":"https:\/\/www.cerpeg.fr\/bcpmcv\/wp-json\/wp\/v2\/posts\/614\/revisions"}],"predecessor-version":[{"id":618,"href":"https:\/\/www.cerpeg.fr\/bcpmcv\/wp-json\/wp\/v2\/posts\/614\/revisions\/618"}],"wp:attachment":[{"href":"https:\/\/www.cerpeg.fr\/bcpmcv\/wp-json\/wp\/v2\/media?parent=614"}],"wp:term":[{"taxonomy":"category","embeddable":true,"href":"https:\/\/www.cerpeg.fr\/bcpmcv\/wp-json\/wp\/v2\/categories?post=614"},{"taxonomy":"post_tag","embeddable":true,"href":"https:\/\/www.cerpeg.fr\/bcpmcv\/wp-json\/wp\/v2\/tags?post=614"}],"curies":[{"name":"wp","href":"https:\/\/api.w.org\/{rel}","templated":true}]}}