{"id":619,"date":"2021-02-25T20:33:16","date_gmt":"2021-02-25T19:33:16","guid":{"rendered":"http:\/\/www.cerpeg.fr\/bcpmcv\/?p=619"},"modified":"2021-02-25T20:47:49","modified_gmt":"2021-02-25T19:47:49","slug":"2-1-assurer-le-suivi-de-la-commande-du-produit-et-ou-du-service","status":"publish","type":"post","link":"https:\/\/www.cerpeg.fr\/bcpmcv\/2-1-assurer-le-suivi-de-la-commande-du-produit-et-ou-du-service\/","title":{"rendered":"2.1 Assurer le suivi de la commande du produit et\/ou du service"},"content":{"rendered":"\n<div style=\"height:56px\" aria-hidden=\"true\" class=\"wp-block-spacer\"><\/div>\n\n\n\n<h3 class=\"has-white-color has-pale-cyan-blue-background-color has-text-color has-background wp-block-heading\">Comp\u00e9tences <\/h3>\n\n\n\n<ul><li>Suivre l\u2019\u00e9volution de la commande et \u00e9ventuellement du r\u00e8glement<\/li><li>Informer le client des d\u00e9lais et des modalit\u00e9s de mise \u00e0 disposition<\/li><\/ul>\n\n\n\n<div style=\"height:56px\" aria-hidden=\"true\" class=\"wp-block-spacer\"><\/div>\n\n\n\n<h3 class=\"has-white-color has-pale-cyan-blue-background-color has-text-color has-background wp-block-heading\">Comportements professionnels<\/h3>\n\n\n\n<ul><li>Faire preuve d\u2019esprit d\u2019initiative et d\u2019autonomie<\/li><\/ul>\n\n\n\n<div style=\"height:56px\" aria-hidden=\"true\" class=\"wp-block-spacer\"><\/div>\n\n\n\n<h3 class=\"has-white-color has-pale-cyan-blue-background-color has-text-color has-background wp-block-heading\">Savoirs associ\u00e9s<\/h3>\n\n\n\n<ul><li>La communication professionnelle<\/li><li>Les documents commerciaux<\/li><\/ul>\n\n\n\n<div style=\"height:36px\" aria-hidden=\"true\" class=\"wp-block-spacer\"><\/div>\n\n\n\n<h3 class=\"has-white-color has-pale-cyan-blue-background-color has-text-color has-background wp-block-heading\">R\u00e9sultats attendus<\/h3>\n\n\n\n<ul><li>Le client est correctement inform\u00e9<\/li><\/ul>\n\n\n\n<p><\/p>\n","protected":false},"excerpt":{"rendered":"<p>Comp\u00e9tences Suivre l\u2019\u00e9volution de la commande et \u00e9ventuellement du r\u00e8glement Informer le client des d\u00e9lais et des modalit\u00e9s de mise \u00e0 disposition Comportements professionnels Faire preuve d\u2019esprit d\u2019initiative et d\u2019autonomie Savoirs associ\u00e9s La communication professionnelle Les documents commerciaux R\u00e9sultats attendus Le client est correctement inform\u00e9<\/p>\n","protected":false},"author":1,"featured_media":0,"comment_status":"closed","ping_status":"closed","sticky":false,"template":"","format":"standard","meta":{"footnotes":""},"categories":[3],"tags":[],"_links":{"self":[{"href":"https:\/\/www.cerpeg.fr\/bcpmcv\/wp-json\/wp\/v2\/posts\/619"}],"collection":[{"href":"https:\/\/www.cerpeg.fr\/bcpmcv\/wp-json\/wp\/v2\/posts"}],"about":[{"href":"https:\/\/www.cerpeg.fr\/bcpmcv\/wp-json\/wp\/v2\/types\/post"}],"author":[{"embeddable":true,"href":"https:\/\/www.cerpeg.fr\/bcpmcv\/wp-json\/wp\/v2\/users\/1"}],"replies":[{"embeddable":true,"href":"https:\/\/www.cerpeg.fr\/bcpmcv\/wp-json\/wp\/v2\/comments?post=619"}],"version-history":[{"count":3,"href":"https:\/\/www.cerpeg.fr\/bcpmcv\/wp-json\/wp\/v2\/posts\/619\/revisions"}],"predecessor-version":[{"id":638,"href":"https:\/\/www.cerpeg.fr\/bcpmcv\/wp-json\/wp\/v2\/posts\/619\/revisions\/638"}],"wp:attachment":[{"href":"https:\/\/www.cerpeg.fr\/bcpmcv\/wp-json\/wp\/v2\/media?parent=619"}],"wp:term":[{"taxonomy":"category","embeddable":true,"href":"https:\/\/www.cerpeg.fr\/bcpmcv\/wp-json\/wp\/v2\/categories?post=619"},{"taxonomy":"post_tag","embeddable":true,"href":"https:\/\/www.cerpeg.fr\/bcpmcv\/wp-json\/wp\/v2\/tags?post=619"}],"curies":[{"name":"wp","href":"https:\/\/api.w.org\/{rel}","templated":true}]}}