{"id":647,"date":"2021-02-25T20:55:55","date_gmt":"2021-02-25T19:55:55","guid":{"rendered":"http:\/\/www.cerpeg.fr\/bcpmcv\/?p=647"},"modified":"2021-02-28T14:12:27","modified_gmt":"2021-02-28T13:12:27","slug":"4-2-rendre-lunite-commerciale-attractive-et-fonctionnelle","status":"publish","type":"post","link":"https:\/\/www.cerpeg.fr\/bcpmcv\/4-2-rendre-lunite-commerciale-attractive-et-fonctionnelle\/","title":{"rendered":"4.2A Rendre l\u2019unit\u00e9 commerciale attractive et fonctionnelle"},"content":{"rendered":"\n<div style=\"height:56px\" aria-hidden=\"true\" class=\"wp-block-spacer\"><\/div>\n\n\n\n<h3 class=\"has-white-color has-pale-cyan-blue-background-color has-text-color has-background wp-block-heading\">Comp\u00e9tences <\/h3>\n\n\n\n<ul><li>S\u2019assurer de la disponibilit\u00e9 et de la qualit\u00e9 des produits<\/li><li>Implanter les produits selon une logique commerciale et\/ou d\u2019entreprise<\/li><li>V\u00e9rifier l\u2019\u00e9tiquetage, le balisage et la mise en valeur des produits<\/li><li>S\u2019assurer de la bonne tenue et de la propret\u00e9 du rayon<\/li><li>Accueillir, informer et orienter le client dans l\u2019unit\u00e9 commerciale et \u00e0 l\u2019ext\u00e9rieur<\/li><li>Mettre en place la signal\u00e9tique<\/li><li>Participer \u00e0 l\u2019agencement de la surface de vente<\/li><li>Am\u00e9nager la vitrine et\/ou le rayon<\/li><li>Mettre en sc\u00e8ne l\u2019offre et en optimiser la visibilit\u00e9<\/li><li>Veiller au respect des r\u00e8gles d\u2019hygi\u00e8ne et de s\u00e9curit\u00e9.<\/li><li>Valoriser l\u2019offre sur les sites marchands et les r\u00e9seaux sociaux<\/li><\/ul>\n\n\n\n<div style=\"height:56px\" aria-hidden=\"true\" class=\"wp-block-spacer\"><\/div>\n\n\n\n<h3 class=\"has-white-color has-pale-cyan-blue-background-color has-text-color has-background wp-block-heading\">Comportements professionnels<\/h3>\n\n\n\n<ul><li>Faire preuve d\u2019autonomie et d\u2019esprit d\u2019initiative<\/li><li>\u00catre capable de s\u2019adapter au contexte de travail<\/li><li>Faire preuve de disponibilit\u00e9<\/li><li>\u00catre cr\u00e9atif<\/li><li>\u00catre rigoureux et r\u00e9actif<\/li><li>Donner une image valorisante et attractive de l\u2019entreprise<\/li><\/ul>\n\n\n\n<div style=\"height:56px\" aria-hidden=\"true\" class=\"wp-block-spacer\"><\/div>\n\n\n\n<h3 class=\"has-white-color has-pale-cyan-blue-background-color has-text-color has-background wp-block-heading\">Savoirs associ\u00e9s<\/h3>\n\n\n\n<ul><li>L\u2019agencement de l\u2019unit\u00e9 commerciale<\/li><li>Les \u00e9l\u00e9ments de communication int\u00e9rieure mettant en valeur l\u2019offre<\/li><li>Les facteurs d\u2019ambiance<\/li><li>Le marchandisage de gestion et les logiciels sp\u00e9cifiques<\/li><li>L\u2019offre sur les sites marchands et les r\u00e9seaux sociaux<\/li><\/ul>\n\n\n\n<div style=\"height:36px\" aria-hidden=\"true\" class=\"wp-block-spacer\"><\/div>\n\n\n\n<h3 class=\"has-white-color has-pale-cyan-blue-background-color has-text-color has-background wp-block-heading\">R\u00e9sultats attendus<\/h3>\n\n\n\n<ul><li>Les enjeux de la mise en valeur des produits et des services associ\u00e9s sont pr\u00e9cis\u00e9s<\/li><li>L\u2019agencement de l\u2019unit\u00e9 commerciale est pertinent et diff\u00e9renci\u00e9 selon les types d\u2019unit\u00e9s commerciales<\/li><li>L\u2019attractivit\u00e9 des produits, des rayons et de l\u2019unit\u00e9 commerciale est analys\u00e9e et des actions de rem\u00e9diation sont mises en place le cas \u00e9ch\u00e9ant<\/li><li>Les logiciels sp\u00e9cifiques sont ma\u00eetris\u00e9s<\/li><li>La politique de communication est en ad\u00e9quation avec l\u2019offre produit et la client\u00e8le<\/li><li>L\u2019information est conforme \u00e0 la politique de l\u2019enseigne, visible et attractive<\/li><li>Les r\u00e8gles d\u2019hygi\u00e8ne et s\u00e9curit\u00e9 sont scrupuleusement respect\u00e9es<\/li><\/ul>\n\n\n\n<p><\/p>\n","protected":false},"excerpt":{"rendered":"<p>Comp\u00e9tences S\u2019assurer de la disponibilit\u00e9 et de la qualit\u00e9 des produits Implanter les produits selon une logique commerciale et\/ou d\u2019entreprise V\u00e9rifier l\u2019\u00e9tiquetage, le balisage et la mise en valeur des produits S\u2019assurer de la bonne tenue et de la propret\u00e9 du rayon Accueillir, informer et orienter le client dans l\u2019unit\u00e9 commerciale et \u00e0 l\u2019ext\u00e9rieur Mettre [&hellip;]<\/p>\n","protected":false},"author":1,"featured_media":0,"comment_status":"closed","ping_status":"closed","sticky":false,"template":"","format":"standard","meta":{"footnotes":""},"categories":[9],"tags":[],"_links":{"self":[{"href":"https:\/\/www.cerpeg.fr\/bcpmcv\/wp-json\/wp\/v2\/posts\/647"}],"collection":[{"href":"https:\/\/www.cerpeg.fr\/bcpmcv\/wp-json\/wp\/v2\/posts"}],"about":[{"href":"https:\/\/www.cerpeg.fr\/bcpmcv\/wp-json\/wp\/v2\/types\/post"}],"author":[{"embeddable":true,"href":"https:\/\/www.cerpeg.fr\/bcpmcv\/wp-json\/wp\/v2\/users\/1"}],"replies":[{"embeddable":true,"href":"https:\/\/www.cerpeg.fr\/bcpmcv\/wp-json\/wp\/v2\/comments?post=647"}],"version-history":[{"count":3,"href":"https:\/\/www.cerpeg.fr\/bcpmcv\/wp-json\/wp\/v2\/posts\/647\/revisions"}],"predecessor-version":[{"id":674,"href":"https:\/\/www.cerpeg.fr\/bcpmcv\/wp-json\/wp\/v2\/posts\/647\/revisions\/674"}],"wp:attachment":[{"href":"https:\/\/www.cerpeg.fr\/bcpmcv\/wp-json\/wp\/v2\/media?parent=647"}],"wp:term":[{"taxonomy":"category","embeddable":true,"href":"https:\/\/www.cerpeg.fr\/bcpmcv\/wp-json\/wp\/v2\/categories?post=647"},{"taxonomy":"post_tag","embeddable":true,"href":"https:\/\/www.cerpeg.fr\/bcpmcv\/wp-json\/wp\/v2\/tags?post=647"}],"curies":[{"name":"wp","href":"https:\/\/api.w.org\/{rel}","templated":true}]}}