{"id":657,"date":"2021-02-25T21:05:56","date_gmt":"2021-02-25T20:05:56","guid":{"rendered":"http:\/\/www.cerpeg.fr\/bcpmcv\/?p=657"},"modified":"2021-02-26T07:15:52","modified_gmt":"2021-02-26T06:15:52","slug":"4-5-valoriser-les-produits-et-ou-les-services","status":"publish","type":"post","link":"https:\/\/www.cerpeg.fr\/bcpmcv\/4-5-valoriser-les-produits-et-ou-les-services\/","title":{"rendered":"4.5B Valoriser les produits et\/ou les services"},"content":{"rendered":"\n<div style=\"height:56px\" aria-hidden=\"true\" class=\"wp-block-spacer\"><\/div>\n\n\n\n<h3 class=\"has-white-color has-pale-cyan-blue-background-color has-text-color has-background wp-block-heading\">Comp\u00e9tences <\/h3>\n\n\n\n<ul><li>Mettre en valeur l\u2019offre dans un salon, show-room, un espace de vente \u00e9ph\u00e9m\u00e8re, chez le client, sur les sites marchands et sur les r\u00e9seaux sociaux<\/li><\/ul>\n\n\n\n<div style=\"height:56px\" aria-hidden=\"true\" class=\"wp-block-spacer\"><\/div>\n\n\n\n<h3 class=\"has-white-color has-pale-cyan-blue-background-color has-text-color has-background wp-block-heading\">Comportements professionnels<\/h3>\n\n\n\n<ul><li>\u00catre cr\u00e9atif<\/li><li>Faire preuve d\u2019autonomie et d\u2019esprit d\u2019initiative<\/li><li>Appliquer les r\u00e8gles d\u2019\u00e9conomies d\u2019efforts<\/li><\/ul>\n\n\n\n<div style=\"height:56px\" aria-hidden=\"true\" class=\"wp-block-spacer\"><\/div>\n\n\n\n<h3 class=\"has-white-color has-pale-cyan-blue-background-color has-text-color has-background wp-block-heading\">Savoirs associ\u00e9s<\/h3>\n\n\n\n<ul><li>Les \u00e9v\u00e9nements et manifestations commerciales<\/li><li>Les grands principes du marchandisage<\/li><li>La structure et l\u2019atmosph\u00e8re d\u2019un site marchand<\/li><\/ul>\n\n\n\n<div style=\"height:36px\" aria-hidden=\"true\" class=\"wp-block-spacer\"><\/div>\n\n\n\n<h3 class=\"has-white-color has-pale-cyan-blue-background-color has-text-color has-background wp-block-heading\">R\u00e9sultats attendus<\/h3>\n\n\n\n<ul><li>Les produits et ou\/ les services de l\u2019entreprise sont valoris\u00e9s<\/li><li>L\u2019image de l\u2019entreprise est respect\u00e9e<\/li><\/ul>\n\n\n\n<p><\/p>\n","protected":false},"excerpt":{"rendered":"<p>Comp\u00e9tences Mettre en valeur l\u2019offre dans un salon, show-room, un espace de vente \u00e9ph\u00e9m\u00e8re, chez le client, sur les sites marchands et sur les r\u00e9seaux sociaux Comportements professionnels \u00catre cr\u00e9atif Faire preuve d\u2019autonomie et d\u2019esprit d\u2019initiative Appliquer les r\u00e8gles d\u2019\u00e9conomies d\u2019efforts Savoirs associ\u00e9s Les \u00e9v\u00e9nements et manifestations commerciales Les grands principes du marchandisage La structure [&hellip;]<\/p>\n","protected":false},"author":1,"featured_media":0,"comment_status":"closed","ping_status":"closed","sticky":false,"template":"","format":"standard","meta":{"footnotes":""},"categories":[10],"tags":[],"_links":{"self":[{"href":"https:\/\/www.cerpeg.fr\/bcpmcv\/wp-json\/wp\/v2\/posts\/657"}],"collection":[{"href":"https:\/\/www.cerpeg.fr\/bcpmcv\/wp-json\/wp\/v2\/posts"}],"about":[{"href":"https:\/\/www.cerpeg.fr\/bcpmcv\/wp-json\/wp\/v2\/types\/post"}],"author":[{"embeddable":true,"href":"https:\/\/www.cerpeg.fr\/bcpmcv\/wp-json\/wp\/v2\/users\/1"}],"replies":[{"embeddable":true,"href":"https:\/\/www.cerpeg.fr\/bcpmcv\/wp-json\/wp\/v2\/comments?post=657"}],"version-history":[{"count":3,"href":"https:\/\/www.cerpeg.fr\/bcpmcv\/wp-json\/wp\/v2\/posts\/657\/revisions"}],"predecessor-version":[{"id":676,"href":"https:\/\/www.cerpeg.fr\/bcpmcv\/wp-json\/wp\/v2\/posts\/657\/revisions\/676"}],"wp:attachment":[{"href":"https:\/\/www.cerpeg.fr\/bcpmcv\/wp-json\/wp\/v2\/media?parent=657"}],"wp:term":[{"taxonomy":"category","embeddable":true,"href":"https:\/\/www.cerpeg.fr\/bcpmcv\/wp-json\/wp\/v2\/categories?post=657"},{"taxonomy":"post_tag","embeddable":true,"href":"https:\/\/www.cerpeg.fr\/bcpmcv\/wp-json\/wp\/v2\/tags?post=657"}],"curies":[{"name":"wp","href":"https:\/\/api.w.org\/{rel}","templated":true}]}}