{"id":683,"date":"2021-02-25T07:32:04","date_gmt":"2021-02-25T06:32:04","guid":{"rendered":"http:\/\/www.cerpeg.fr\/bcpmcv\/?p=683"},"modified":"2021-02-28T14:29:16","modified_gmt":"2021-02-28T13:29:16","slug":"savoirs-limites-des-savoirs","status":"publish","type":"post","link":"https:\/\/www.cerpeg.fr\/bcpmcv\/savoirs-limites-des-savoirs\/","title":{"rendered":"Savoirs &#038; limites des savoirs"},"content":{"rendered":"\n<h3 class=\"has-white-color has-pale-cyan-blue-background-color has-text-color has-background wp-block-heading\">Assurer la veille commerciale<\/h3>\n\n\n\n<figure class=\"wp-block-table is-style-regular\"><table><thead><tr><th class=\"has-text-align-left\" data-align=\"left\"><strong>Savoirs associ\u00e9s<\/strong><\/th><th class=\"has-text-align-left\" data-align=\"left\"><strong>Limites des savoirs<\/strong><\/th><\/tr><\/thead><tbody><tr><td class=\"has-text-align-left\" data-align=\"left\">L&rsquo;information<\/td><td class=\"has-text-align-left\" data-align=\"left\">&#8211; L\u2019information et ses enjeux pour l\u2019organisation<br>&#8211; Les crit\u00e8res d\u2019une information commerciale exploitable (fiabilit\u00e9, s\u00e9curit\u00e9, pertinence, disponibilit\u00e9)<br>&#8211; Le recensement et l\u2019analyse des principales sources d\u2019informations disponibles au sein de  l\u2019organisation ou accessibles en externe<\/td><\/tr><tr><td class=\"has-text-align-left\" data-align=\"left\">Les outils de recherche d\u2019information<\/td><td class=\"has-text-align-left\" data-align=\"left\">&#8211; Les fonctionnalit\u00e9s d\u2019un logiciel de navigation et d\u2019un moteur de recherche<br>&#8211; Les outils d\u2019indexation des corpus<br>&#8211; Le stockage de l\u2019information<br>&#8211; Les outils d\u2019interrogation du fond documentaire ainsi constitu\u00e9<\/td><\/tr><tr><td class=\"has-text-align-left\" data-align=\"left\">Les m\u00e9tiers commerciaux<\/td><td class=\"has-text-align-left\" data-align=\"left\">&#8211; La diversit\u00e9 des m\u00e9tiers de la vente et du commerce selon leur contexte<br>&#8211; Le commerce interentreprises ou le commerce de professionnel \u00e0 particulier<br>&#8211; La vente s\u00e9dentaire, la vente itin\u00e9rante<br>&#8211; Le statut et la r\u00e9mun\u00e9ration<\/td><\/tr><tr><td class=\"has-text-align-left\" data-align=\"left\">Le march\u00e9<\/td><td class=\"has-text-align-left\" data-align=\"left\">&#8211; L\u2019offre (distributeurs, producteurs) la demande (clients, influenceurs, r\u00e9gulateurs), l\u2019environnement<\/td><\/tr><tr><td class=\"has-text-align-left\" data-align=\"left\">La zone de chalandise<\/td><td class=\"has-text-align-left\" data-align=\"left\">&#8211; La zone de chalandise et ses enjeux<br>&#8211; Les courbes isochrones et isom\u00e9triques<br>&#8211; Les applications num\u00e9riques<\/td><\/tr><tr><td class=\"has-text-align-left\" data-align=\"left\">Les caract\u00e9ristiques des produits<\/td><td class=\"has-text-align-left\" data-align=\"left\">&#8211; Les dimensions fondamentales (les caract\u00e9ristiques techniques, commerciales et psychologiques)<br>&#8211; La classification (dur\u00e9e de vie, comportement d\u2019achat et de consommation, fr\u00e9quence d\u2019achat, nomenclature)<br>&#8211; L\u2019assortiment<br>&#8211; La gamme<br>&#8211; Le cycle de vie<br>&#8211; La marque<br>&#8211; Les signes de qualit\u00e9<br>&#8211; L\u2019emballage et le conditionnement<\/td><\/tr><tr><td class=\"has-text-align-left\" data-align=\"left\">Les exigences li\u00e9es au d\u00e9veloppement durable et \u00e0 l\u2019\u00e9thique<\/td><td class=\"has-text-align-left\" data-align=\"left\">&#8211; Les r\u00e9glementations sp\u00e9cifiques aux produits<br>&#8211; Le traitement des d\u00e9chets, des emballages et du conditionnement<br>&#8211; Les certifications environnementales et \u00e9thiques, les chartes \u00e9thiques, les \u00e9colabels<br>&#8211; Le tri et le recyclage des produits<\/td><\/tr><tr><td class=\"has-text-align-left\" data-align=\"left\">Les prix et les marges<\/td><td class=\"has-text-align-left\" data-align=\"left\">&#8211; Les m\u00e9thodes de fixation des prix (co\u00fbt, demande, concurrence)<br>&#8211; Les calculs commerciaux (co\u00fbt d\u2019achat, prix de vente, TVA, coefficient multiplicateur, taux de marque et taux de marge, r\u00e9ductions commerciales)<br>&#8211; Les contraintes en mati\u00e8re de fixation de prix (l\u00e9gislation, comp\u00e9titivit\u00e9, rentabilit\u00e9)<\/td><\/tr><tr><td class=\"has-text-align-left\" data-align=\"left\">Les diff\u00e9rents circuits et canaux de vente<\/td><td class=\"has-text-align-left\" data-align=\"left\">&#8211; Les circuits de distribution<br>&#8211; Les canaux de vente<br>&#8211; L\u2019\u00e9volution des canaux de vente<br>&#8211; L\u2019interaction des canaux de vente physiques et virtuels<\/td><\/tr><\/tbody><\/table><figcaption>.<\/figcaption><\/figure>\n\n\n\n<h3 class=\"has-white-color has-pale-cyan-blue-background-color has-text-color has-background wp-block-heading\"><strong>R\u00e9aliser la vente dans un cadre multicanal<\/strong><\/h3>\n\n\n\n<figure class=\"wp-block-table\"><table><thead><tr><th>Savoirs associ\u00e9s<\/th><th>Limites des savoirs<\/th><\/tr><\/thead><tbody><tr><td>Les m\u00e9thodes de vente<\/td><td>Les diff\u00e9rentes m\u00e9thodes de vente (la vente de contact, la vente visuelle, la vente \u00e0 distance)<br>La prise en compte du multicanal, du cross-canal et de l\u2019omnicanal dans les m\u00e9thodes de vente<\/td><\/tr><tr><td>Les bases de la communication<\/td><td>La communication, ses formes (\u00e9crite, orale, digitale) son r\u00f4le, ses caract\u00e9ristiques et ses enjeux<br>Les registres de langage<br>Le verbal et le non-verbal<br>Les outils de communication<\/td><\/tr><tr><td>Les outils d\u2019aide \u00e0 la vente<\/td><td>Le plan de d\u00e9couverte, le plan d\u2019appel<br>L\u2019argumentaire<br>La fiche client<br>La fiche produit<br>Les applications num\u00e9riques<\/td><\/tr><tr><td>Les facteurs explicatifs du comportement d\u2019achat<\/td><td>Les besoins<br>Les motivations, les freins et les mobiles<br>Les attentes<br>Les facteurs personnels<br>Les facteurs sociologiques<\/td><\/tr><tr><td>Le processus d\u2019achat<\/td><td>Les types d\u2019achat<br>Les \u00e9tapes du processus d\u2019achat<\/td><\/tr><tr><td>Le questionnement<\/td><td>Les diff\u00e9rents types de questions<br>L\u2019\u00e9coute active<br>La reformulation<\/td><\/tr><tr><td>Les diff\u00e9rentes \u00e9tapes de la vente<\/td><td>L\u2019accueil et\/ou la prise de contact<br>La d\u00e9couverte des besoins<br>L\u2019argumentation de vente<br>Le traitement des objections<br>La conclusion de la vente<br>La vente additionnelle (la vente compl\u00e9mentaire et suppl\u00e9mentaire)<\/td><\/tr><\/tbody><\/table><\/figure>\n\n\n\n<h3 class=\"has-white-color has-pale-cyan-blue-background-color has-text-color has-background wp-block-heading\">Assurer l&rsquo;ex\u00e9cution de la vente<\/h3>\n\n\n\n<figure class=\"wp-block-table\"><table><thead><tr><th>Savoirs associ\u00e9s<\/th><th>Limites des savoirs<\/th><\/tr><\/thead><tbody><tr><td>Le r\u00e8glement<\/td><td>Les diff\u00e9rents moyens de r\u00e8glement<\/td><\/tr><tr><td>La livraison<\/td><td>Les diff\u00e9rentes modalit\u00e9s de livraison<\/td><\/tr><tr><td>Le contrat de vente<\/td><td>Le contrat de vente : formation, ex\u00e9cution, conditions de validit\u00e9, obligations des parties, fin du contrat, responsabilit\u00e9 contractuelle<\/td><\/tr><tr><td>La garantie<\/td><td>Nature, dur\u00e9e, conditions de mise en \u0153uvre, limites, recours<\/td><\/tr><\/tbody><\/table><\/figure>\n","protected":false},"excerpt":{"rendered":"<p>Assurer la veille commerciale Savoirs associ\u00e9s Limites des savoirs L&rsquo;information &#8211; L\u2019information et ses enjeux pour l\u2019organisation&#8211; Les crit\u00e8res d\u2019une information commerciale exploitable (fiabilit\u00e9, s\u00e9curit\u00e9, pertinence, disponibilit\u00e9)&#8211; Le recensement et l\u2019analyse des principales sources d\u2019informations disponibles au sein de l\u2019organisation ou accessibles en externe Les outils de recherche d\u2019information &#8211; Les fonctionnalit\u00e9s d\u2019un logiciel de [&hellip;]<\/p>\n","protected":false},"author":1,"featured_media":0,"comment_status":"closed","ping_status":"closed","sticky":false,"template":"","format":"standard","meta":{"footnotes":""},"categories":[5],"tags":[],"_links":{"self":[{"href":"https:\/\/www.cerpeg.fr\/bcpmcv\/wp-json\/wp\/v2\/posts\/683"}],"collection":[{"href":"https:\/\/www.cerpeg.fr\/bcpmcv\/wp-json\/wp\/v2\/posts"}],"about":[{"href":"https:\/\/www.cerpeg.fr\/bcpmcv\/wp-json\/wp\/v2\/types\/post"}],"author":[{"embeddable":true,"href":"https:\/\/www.cerpeg.fr\/bcpmcv\/wp-json\/wp\/v2\/users\/1"}],"replies":[{"embeddable":true,"href":"https:\/\/www.cerpeg.fr\/bcpmcv\/wp-json\/wp\/v2\/comments?post=683"}],"version-history":[{"count":7,"href":"https:\/\/www.cerpeg.fr\/bcpmcv\/wp-json\/wp\/v2\/posts\/683\/revisions"}],"predecessor-version":[{"id":826,"href":"https:\/\/www.cerpeg.fr\/bcpmcv\/wp-json\/wp\/v2\/posts\/683\/revisions\/826"}],"wp:attachment":[{"href":"https:\/\/www.cerpeg.fr\/bcpmcv\/wp-json\/wp\/v2\/media?parent=683"}],"wp:term":[{"taxonomy":"category","embeddable":true,"href":"https:\/\/www.cerpeg.fr\/bcpmcv\/wp-json\/wp\/v2\/categories?post=683"},{"taxonomy":"post_tag","embeddable":true,"href":"https:\/\/www.cerpeg.fr\/bcpmcv\/wp-json\/wp\/v2\/tags?post=683"}],"curies":[{"name":"wp","href":"https:\/\/api.w.org\/{rel}","templated":true}]}}